{"id":1305,"date":"2021-03-31T11:14:39","date_gmt":"2021-03-31T09:14:39","guid":{"rendered":"https:\/\/creddo.com\/se\/?p=1305"},"modified":"2025-01-24T15:57:11","modified_gmt":"2025-01-24T14:57:11","slug":"dags-att-deklarera","status":"publish","type":"post","link":"https:\/\/creddo.com\/se\/experthornan\/dags-att-deklarera\/","title":{"rendered":"Dags att deklarera"},"content":{"rendered":"\n<p>Nu \u00e4r det \u00e5ter dags att deklarera. F\u00f6r att du inte ska missa n\u00e5gra viktiga avdrag som du har r\u00e4tt till har vi i denna artikel sammanst\u00e4llt n\u00e5gra av de allra viktigaste.&nbsp;<\/p>\n\n\n\n<h2 class=\"wp-block-heading\">Viktiga avdrag att k\u00e4nna till<\/h2>\n\n\n\n<h3 class=\"wp-block-heading\" id=\"h-aktier\">Aktier<\/h3>\n\n\n\n<p>F\u00f6rs\u00e4ljningar av aktier ska du rapportera till Skatteverket. Du m\u00e5ste dock sj\u00e4lv redovisa ink\u00f6pspriset och de omkostnader du haft f\u00f6r att r\u00e4kna fram om du har g\u00e5tt med vinst eller f\u00f6rlust.&nbsp;<\/p>\n\n\n\n<h6 class=\"wp-block-heading\" id=\"h-genomsnittsmetoden-om-du-vet-inkopspriset-nbsp\">Genomsnittsmetoden (om du vet ink\u00f6pspriset)&nbsp;<\/h6>\n\n\n\n<p>H\u00e4r summerar du priset p\u00e5 alla aktier du k\u00f6pt innan f\u00f6rs\u00e4ljningen, dividerar summan med antalet aktier och f\u00e5r det genomsnittliga anskaffningsv\u00e4rdet (GAV) per aktie. Som omkostnadsbelopp i deklarationen anger du GAV multiplicerat med antalet aktier du s\u00e5lt.<\/p>\n\n\n\n<h6 class=\"wp-block-heading\" id=\"h-schablonmetoden-om-du-inte-vet-inkopspriset\">Schablonmetoden (om du inte vet ink\u00f6pspriset)<\/h6>\n\n\n\n<p>Enligt denna metod anger du 20 procent av f\u00f6rs\u00e4ljningsv\u00e4rdet som anskaffningsv\u00e4rde. Har dina aktier stigit mycket \u00e4r schablonmetoden mer f\u00f6rdelaktig. Detta eftersom den deklarerade vinsten &#8211; och d\u00e4refter skatten &#8211; blir l\u00e4gre j\u00e4mf\u00f6rt med genomsnittsmetoden.<\/p>\n\n\n\n<h3 class=\"wp-block-heading\" id=\"h-arbetsklader\">Arbetskl\u00e4der<\/h3>\n\n\n\n<p>Avdrag beviljas enbart f\u00f6r skyddskl\u00e4der och skyddsutrustning. Exempel p\u00e5 skyddsutrustning \u00e4r skyddsglas\u00f6gon, hj\u00e4lmar, h\u00f6rselskydd och arbetsskor med st\u00e5lh\u00e4tta.&nbsp;<\/p>\n\n\n\n<h3 class=\"wp-block-heading\" id=\"h-avdrag-for-arbetslosa\">Avdrag f\u00f6r arbetsl\u00f6sa<\/h3>\n\n\n\n<p>Om du har varit arbetsl\u00f6s har du r\u00e4tt till avdrag f\u00f6r:<\/p>\n\n\n\n<ul class=\"wp-block-list\">\n<li>Resekostnader till och fr\u00e5n Arbetsf\u00f6rmedling och\/eller F\u00f6rs\u00e4kringskassa.<\/li>\n\n\n\n<li>Utgifter du haft i samband med att du s\u00f6kt arbete i Sverige.<\/li>\n\n\n\n<li>Trafikavgifter f\u00f6r telefon och internet samt utgifter f\u00f6r porto, betygskopior och liknande i ditt s\u00f6kande efter arbete.&nbsp;<\/li>\n<\/ul>\n\n\n\n<p>Avdragen g\u00f6r du under \u201d\u00d6vriga utgifter\u201d.<\/p>\n\n\n\n<h3 class=\"wp-block-heading\" id=\"h-arbetsredskap\">Arbetsredskap<\/h3>\n\n\n\n<p>Du kan g\u00f6ra avdrag f\u00f6r redskap som:<\/p>\n\n\n\n<ul class=\"wp-block-list\">\n<li>Arbetsgivaren inte erbjuder.<\/li>\n\n\n\n<li>\u00c4r n\u00f6dv\u00e4ndiga f\u00f6r att utf\u00f6ra dina arbetsuppgifter.<\/li>\n\n\n\n<li>\u00c4r en tillg\u00e5ng som sjunker i v\u00e4rde.<\/li>\n<\/ul>\n\n\n\n<p>N\u00e4r avdraget g\u00e4ller dator eller surfplatta beviljas det bara f\u00f6r den delen du anv\u00e4nder utrustningen i ditt arbete.&nbsp;<\/p>\n\n\n\n<h3 class=\"wp-block-heading\" id=\"h-bil-i-tjansten-milersattning\">Bil i tj\u00e4nsten (milers\u00e4ttning)<\/h3>\n\n\n\n<p>Du f\u00e5r g\u00f6ra avdrag f\u00f6r kostnader n\u00e4r du anv\u00e4nt din privata bil i tj\u00e4nsten. Avdraget beviljas dock enbart om du f\u00f6rt k\u00f6rjournal och kan bevisa tj\u00e4nsteresorna. H\u00e4r f\u00e5r du avdrag med:<\/p>\n\n\n\n<ul class=\"wp-block-list\">\n<li>18,50 kr\/mil f\u00f6r resor med egen bil<\/li>\n\n\n\n<li>6,50 kr\/mil om du har f\u00f6rm\u00e5nsbil med diesel<\/li>\n\n\n\n<li>9,50 kr\/mil om du har f\u00f6rm\u00e5nsbil med annat drivmedel<\/li>\n<\/ul>\n\n\n\n<p>Om du har f\u00e5tt ers\u00e4ttning fr\u00e5n din arbetsgivare kan du emellertid inte g\u00f6ra n\u00e5gra avdrag.&nbsp;<\/p>\n\n\n\n<h3 class=\"wp-block-heading\" id=\"h-egenavgifter\">Egenavgifter<\/h3>\n\n\n\n<p>F\u00f6r att f\u00e5 g\u00f6ra avdrag f\u00f6r egenavgifter ska du ha betalat dina sociala avgifter sj\u00e4lv, \u00e4ven om inkomsten r\u00e4knas som inkomst av tj\u00e4nst och inte som n\u00e4ringsverksamhet. Som inkomst av tj\u00e4nst med skyldighet att betala sociala avgifter r\u00e4knas:<\/p>\n\n\n\n<ul class=\"wp-block-list\">\n<li>Inkomst av hobbyverksamhet<\/li>\n\n\n\n<li>Ers\u00e4ttning f\u00f6r arbete som inte ing\u00e5r i n\u00e4ringsverksamheten till n\u00e5gon med F-skatt om F-skatten \u00e5beropas skriftligen<\/li>\n<\/ul>\n\n\n\n<p>Eftersom det exakta beloppet av egenavgifter inte \u00e4r k\u00e4nt vid deklarationspunkten sker avdrag med ett schablonbelopp enligt f\u00f6ljande:<\/p>\n\n\n\n<ul class=\"wp-block-list\">\n<li>Om du \u00e4r f\u00f6dd 1955 eller senare ska du g\u00f6ra schablonavdrag med 10 procent p\u00e5 \u00f6verskott under 100&nbsp;000 kronor och 25 procent p\u00e5 h\u00f6gre \u00f6verskott.<\/li>\n\n\n\n<li>Om du \u00e4r f\u00f6dd 1955 eller senare och har haft hel \u00e5lderspension \u00e4r schablonavdraget 10 procent.<\/li>\n\n\n\n<li>\u00c4r du f\u00f6dd 1938 \u2013 1954 \u00e4r schablonavdraget 10 procent.<\/li>\n\n\n\n<li>D\u00f6dsbo efter en person som avlidit f\u00e5r g\u00f6ra ett schablonavdrag med 20 procent.<\/li>\n<\/ul>\n\n\n\n<h3 class=\"wp-block-heading\" id=\"h-grundavdrag\">Grundavdrag<\/h3>\n\n\n\n<p>F\u00f6r att f\u00e5 helt grundavdrag ska du ha bott i Sverige under hela \u00e5ret. I \u00f6vrigt g\u00e4ller f\u00f6ljande:<\/p>\n\n\n\n<ul class=\"wp-block-list\">\n<li>Storleken p\u00e5 grundavdraget beror p\u00e5 din inkomst.<\/li>\n\n\n\n<li>Grundavdraget ber\u00e4knas p\u00e5 inkomst av tj\u00e4nst och i vissa fall p\u00e5 inkomst i n\u00e4ringsverksamhet.<\/li>\n\n\n\n<li>Avdraget medges automatiskt.&nbsp;<\/li>\n<\/ul>\n\n\n\n<h3 class=\"wp-block-heading\" id=\"h-resor-till-och-fran-arbetet\">Resor till och fr\u00e5n arbetet<\/h3>\n\n\n\n<p>Om du reser till och fr\u00e5n arbetet kan du g\u00f6ra avdrag f\u00f6r kostnader som \u00f6verstiger 11&nbsp;000 kronor\/\u00e5r. Du f\u00e5r \u00e4ven avdrag f\u00f6r resor med kollektivtrafik om avst\u00e5ndet mellan arbete och bostad \u00e4r minst 2 km.<\/p>\n\n\n\n<p>Reser du med bil eller motorcykel ska avst\u00e5ndet vara minst 5 km. Du ska dessutom tj\u00e4na minst minst 2 timmar\/dag j\u00e4mf\u00f6rt med om du \u00e5ker kollektivt.<\/p>\n\n\n\n<h3 class=\"wp-block-heading\" id=\"h-rot-och-rutavdrag\">Rot- och rutavdrag<\/h3>\n\n\n\n<p>Om du har f\u00e5tt godk\u00e4nda rot- och\/eller rutavdrag finns de f\u00f6rifyllda i din deklaration. B\u00e5da avdragen beviljas med 75&nbsp;000 kronor\/\u00e5r och du kan dessutom f\u00e5 skattereduktion f\u00f6r gr\u00f6n teknik med 50&nbsp;000 kronor\/\u00e5r.&nbsp;<\/p>\n\n\n\n<p>Det \u00e4r viktigt att du kontrollerar uppgifterna i deklarationen mot dem p\u00e5 fakturan. Skattereduktionen kan omf\u00f6rdelas mellan makar eller sambor. P\u00e5 deklarationen anger du belopp, hur du vill f\u00f6rdela avdraget samt personnummer p\u00e5 den du vill omf\u00f6rdela till.&nbsp;<\/p>\n\n\n\n<h3 class=\"wp-block-heading\" id=\"h-ranteavdrag\">R\u00e4nteavdrag<\/h3>\n\n\n\n<p>F\u00f6r att f\u00e5 g\u00f6ra r\u00e4nteavdrag ska r\u00e4ntan avse en skuld som \u00e4r betald. Om du m\u00e5ste betala en r\u00e4ntekompensation, till exempel till en bank n\u00e4r du s\u00e4ger upp ditt bundna l\u00e5n i f\u00f6rtid, f\u00e5r du g\u00f6ra avdrag f\u00f6r det betalda r\u00e4ntebeloppet.&nbsp;<\/p>\n\n\n\n<p>Om du och din partner har ett gemensamt l\u00e5n kan ni f\u00f6rdela r\u00e4ntekostnaden direkt i deklarationen.<\/p>\n\n\n\n<hr class=\"wp-block-separator has-css-opacity\"\/>\n\n\n\n<p class=\"has-text-align-center\"><strong>Tips!<\/strong> L\u00e4s mer om <a href=\"https:\/\/creddo.com\/se\/foretagslan\/ranta\/\">hur r\u00e4nta p\u00e5 f\u00f6retagsl\u00e5n fungerar<\/a>.<\/p>\n\n\n\n<hr class=\"wp-block-separator has-css-opacity\"\/>\n\n\n\n<h3 class=\"wp-block-heading\" id=\"h-studier\">Studier<\/h3>\n\n\n\n<p>Vill du g\u00f6ra avdrag f\u00f6r studier m\u00e5ste du uppfylla f\u00f6ljande krav:<\/p>\n\n\n\n<ul class=\"wp-block-list\">\n<li>Utbildningen ska vara n\u00f6dv\u00e4ndig f\u00f6r att du ska beh\u00e5lla din arbetsplats och din arbetsgivare ska betala l\u00f6n under tiden.<\/li>\n\n\n\n<li>Om du \u00e4r eller riskerar att bli arbetsl\u00f6s och f\u00e5r en skattefri f\u00f6rm\u00e5n av utbildning av din arbetsgivare f\u00f6r att forts\u00e4tta vara anst\u00e4lld.&nbsp;<\/li>\n\n\n\n<li>F\u00e5r du skattepliktig studieers\u00e4ttning kan du g\u00f6ra avdrag f\u00f6r kostnader i samband med den.<\/li>\n<\/ul>\n\n\n\n<p>Studieavdraget avser studiematerial och kurskostnader som du redovisar under \u201d\u00d6vriga utgifter\u201d. Du f\u00e5r dessutom dra av resor till och fr\u00e5n arbete, hemresor och \u00f6kade levnadskostnader enligt vanliga regler.&nbsp;<\/p>\n\n\n\n<h3 class=\"wp-block-heading\" id=\"h-telefon-porto-med-mera\">Telefon, porto med mera<\/h3>\n\n\n\n<p>Detta avdrag avser personer som har f\u00f6rmyndar- eller f\u00f6rtroendeuppdrag och de som arbetar hemifr\u00e5n som f\u00f6rs\u00e4kringsombud. H\u00e4r g\u00e4ller f\u00f6ljande:&nbsp;<\/p>\n\n\n\n<ul class=\"wp-block-list\">\n<li>F\u00f6r telefon kr\u00e4vs det att du kan uppvisa specificerad telefonr\u00e4kning eller anteckningar om samtal.<\/li>\n\n\n\n<li>F\u00f6r porto ska du kunna visa kvitto p\u00e5 ink\u00f6p och noteringar om utg\u00e5ende post.&nbsp;<\/li>\n<\/ul>\n\n\n\n<h3 class=\"wp-block-heading\" id=\"h-uthyrning-av-privat-bostad\">Uthyrning av privat bostad<\/h3>\n\n\n\n<p>All uthyrning av privata bost\u00e4der beskattas med 30 procent som inkomst av kapital. Avdrag beviljas f\u00f6r:<\/p>\n\n\n\n<ul class=\"wp-block-list\">\n<li>Bostadsr\u00e4tt \u2013 schablonavdrag med 40&nbsp;000 kronor som g\u00e4ller per bostad och \u00e5r samt bostadsr\u00e4ttsf\u00f6reningens avgift f\u00f6r uthyrningen av bostaden.&nbsp;&nbsp;<\/li>\n\n\n\n<li>Hyresr\u00e4tt \u2013 du f\u00e5r g\u00f6ra ett schablonavdrag med 40&nbsp;000 kronor per bostad och \u00e5r samt den hyra som du sj\u00e4lv betalar till hyresv\u00e4rden.<\/li>\n\n\n\n<li>Sm\u00e5hus och \u00e4garl\u00e4genheter \u2013 schablonavdrag med 40&nbsp;000 kronor per hus och \u00e5r samt 20 procent av totala hyresint\u00e4kten.&nbsp;<\/li>\n<\/ul>\n\n\n\n<h3 class=\"wp-block-heading\" id=\"h-summering\">Summering<\/h3>\n\n\n\n<p>Du som beh\u00f6ver blanketter inf\u00f6r \u00e5rets deklaration kan du hitta de hos <a href=\"https:\/\/www.skatteverket.se\/\" target=\"_blank\" rel=\"noreferrer noopener\">Skatteverket<\/a>. L\u00e5t oss avsluta med att lista n\u00e5gra viktiga datum:<\/p>\n\n\n\n<ul class=\"wp-block-list\">\n<li><strong>7 \u2013 9 april<\/strong>: Skatte\u00e5terb\u00e4ring till den som deklarerat senast 30 mars.<\/li>\n\n\n\n<li><strong>3 maj<\/strong>: Sista dag att deklarera.<\/li>\n\n\n\n<li><strong>8 \u2013 11 juni:<\/strong> \u00c5terb\u00e4ring f\u00f6r den som deklarerat senast 3 maj.<\/li>\n\n\n\n<li><strong>12 november:<\/strong> Sista dag att betala kvarskatt.<\/li>\n<\/ul>\n","protected":false},"excerpt":{"rendered":"<p>Nu \u00e4r det \u00e5ter dags att deklarera. F\u00f6r att du inte ska missa n\u00e5gra viktiga avdrag som du har r\u00e4tt till har vi i denna artikel sammanst\u00e4llt n\u00e5gra av de allra viktigaste.&nbsp; Viktiga avdrag att k\u00e4nna till Aktier F\u00f6rs\u00e4ljningar av aktier ska du rapportera till Skatteverket. Du m\u00e5ste dock sj\u00e4lv redovisa ink\u00f6pspriset och de omkostnader [&hellip;]<\/p>\n","protected":false},"author":9,"featured_media":2102,"comment_status":"closed","ping_status":"open","sticky":false,"template":"","format":"standard","meta":{"_acf_changed":false,"_uag_custom_page_level_css":"","footnotes":""},"categories":[39,28],"tags":[],"class_list":["post-1305","post","type-post","status-publish","format-standard","has-post-thumbnail","hentry","category-alla-kategorier","category-ekonomi-och-foretagande"],"acf":[],"yoast_head":"<!-- This site is optimized with the Yoast SEO Premium plugin v26.6 (Yoast SEO v26.8) - https:\/\/yoast.com\/product\/yoast-seo-premium-wordpress\/ -->\n<title>Dags att deklarera - Viktiga datum och tips p\u00e5 avdrag - Creddo<\/title>\n<meta name=\"description\" content=\"Nu \u00e4r det snart dagas att deklarera igen. K\u00e4nner du till vilka avdrag du har r\u00e4tt att g\u00f6ra? Vi listar de vanligaste.\" \/>\n<meta name=\"robots\" content=\"index, follow, max-snippet:-1, max-image-preview:large, max-video-preview:-1\" \/>\n<link rel=\"canonical\" href=\"https:\/\/creddo.com\/se\/experthornan\/dags-att-deklarera\/\" \/>\n<meta property=\"og:locale\" content=\"sv_SE\" \/>\n<meta property=\"og:type\" content=\"article\" \/>\n<meta property=\"og:title\" content=\"Dags att deklarera\" \/>\n<meta property=\"og:description\" content=\"Nu \u00e4r det \u00e5ter dags att deklarera. F\u00f6r att du inte ska missa n\u00e5gra viktiga avdrag som du har r\u00e4tt till har vi i denna artikel sammanst\u00e4llt n\u00e5gra av de\" \/>\n<meta property=\"og:url\" content=\"https:\/\/creddo.com\/se\/experthornan\/dags-att-deklarera\/\" \/>\n<meta property=\"og:site_name\" content=\"Creddo\" \/>\n<meta property=\"article:publisher\" content=\"https:\/\/www.facebook.com\/creddose\" \/>\n<meta property=\"article:published_time\" content=\"2021-03-31T09:14:39+00:00\" \/>\n<meta property=\"article:modified_time\" content=\"2025-01-24T14:57:11+00:00\" \/>\n<meta property=\"og:image\" content=\"https:\/\/creddo.com\/se\/wp-content\/uploads\/2021\/03\/dags-att-deklarera.jpg\" \/>\n\t<meta property=\"og:image:width\" content=\"1700\" \/>\n\t<meta property=\"og:image:height\" content=\"956\" \/>\n\t<meta property=\"og:image:type\" content=\"image\/jpeg\" \/>\n<meta name=\"author\" content=\"Linus N\u00e4slund\" \/>\n<meta name=\"twitter:card\" content=\"summary_large_image\" \/>\n<meta name=\"twitter:label1\" content=\"Skriven av\" \/>\n\t<meta name=\"twitter:data1\" content=\"Linus N\u00e4slund\" \/>\n\t<meta name=\"twitter:label2\" content=\"Ber\u00e4knad l\u00e4stid\" \/>\n\t<meta name=\"twitter:data2\" content=\"6 minuter\" \/>\n<script type=\"application\/ld+json\" class=\"yoast-schema-graph\">{\"@context\":\"https:\/\/schema.org\",\"@graph\":[{\"@type\":\"Article\",\"@id\":\"https:\/\/creddo.com\/se\/experthornan\/dags-att-deklarera\/#article\",\"isPartOf\":{\"@id\":\"https:\/\/creddo.com\/se\/experthornan\/dags-att-deklarera\/\"},\"author\":{\"name\":\"Linus N\u00e4slund\",\"@id\":\"https:\/\/creddo.com\/se\/#\/schema\/person\/8ad6b3fa34b294ce0aa42e31a9c2209e\"},\"headline\":\"Dags att deklarera\",\"datePublished\":\"2021-03-31T09:14:39+00:00\",\"dateModified\":\"2025-01-24T14:57:11+00:00\",\"mainEntityOfPage\":{\"@id\":\"https:\/\/creddo.com\/se\/experthornan\/dags-att-deklarera\/\"},\"wordCount\":1239,\"publisher\":{\"@id\":\"https:\/\/creddo.com\/se\/#organization\"},\"image\":{\"@id\":\"https:\/\/creddo.com\/se\/experthornan\/dags-att-deklarera\/#primaryimage\"},\"thumbnailUrl\":\"https:\/\/creddo.com\/se\/wp-content\/uploads\/2021\/03\/dags-att-deklarera.jpg\",\"articleSection\":[\"Alla kategorier\",\"Ekonomi &amp; F\u00f6retagande\"],\"inLanguage\":\"sv-SE\"},{\"@type\":\"WebPage\",\"@id\":\"https:\/\/creddo.com\/se\/experthornan\/dags-att-deklarera\/\",\"url\":\"https:\/\/creddo.com\/se\/experthornan\/dags-att-deklarera\/\",\"name\":\"Dags att deklarera - Viktiga datum och tips p\u00e5 avdrag - Creddo\",\"isPartOf\":{\"@id\":\"https:\/\/creddo.com\/se\/#website\"},\"primaryImageOfPage\":{\"@id\":\"https:\/\/creddo.com\/se\/experthornan\/dags-att-deklarera\/#primaryimage\"},\"image\":{\"@id\":\"https:\/\/creddo.com\/se\/experthornan\/dags-att-deklarera\/#primaryimage\"},\"thumbnailUrl\":\"https:\/\/creddo.com\/se\/wp-content\/uploads\/2021\/03\/dags-att-deklarera.jpg\",\"datePublished\":\"2021-03-31T09:14:39+00:00\",\"dateModified\":\"2025-01-24T14:57:11+00:00\",\"description\":\"Nu \u00e4r det snart dagas att deklarera igen. K\u00e4nner du till vilka avdrag du har r\u00e4tt att g\u00f6ra? Vi listar de vanligaste.\",\"breadcrumb\":{\"@id\":\"https:\/\/creddo.com\/se\/experthornan\/dags-att-deklarera\/#breadcrumb\"},\"inLanguage\":\"sv-SE\",\"potentialAction\":[{\"@type\":\"ReadAction\",\"target\":[\"https:\/\/creddo.com\/se\/experthornan\/dags-att-deklarera\/\"]}]},{\"@type\":\"ImageObject\",\"inLanguage\":\"sv-SE\",\"@id\":\"https:\/\/creddo.com\/se\/experthornan\/dags-att-deklarera\/#primaryimage\",\"url\":\"https:\/\/creddo.com\/se\/wp-content\/uploads\/2021\/03\/dags-att-deklarera.jpg\",\"contentUrl\":\"https:\/\/creddo.com\/se\/wp-content\/uploads\/2021\/03\/dags-att-deklarera.jpg\",\"width\":1700,\"height\":956,\"caption\":\"Kvinna deklarerar\"},{\"@type\":\"BreadcrumbList\",\"@id\":\"https:\/\/creddo.com\/se\/experthornan\/dags-att-deklarera\/#breadcrumb\",\"itemListElement\":[{\"@type\":\"ListItem\",\"position\":1,\"name\":\"Creddo.com\",\"item\":\"https:\/\/creddo.com\/se\/\"},{\"@type\":\"ListItem\",\"position\":2,\"name\":\"Dags att deklarera\"}]},{\"@type\":\"WebSite\",\"@id\":\"https:\/\/creddo.com\/se\/#website\",\"url\":\"https:\/\/creddo.com\/se\/\",\"name\":\"Creddo\",\"description\":\"J\u00e4mf\u00f6r f\u00f6retagsl\u00e5n upp till 10 miljoner\",\"publisher\":{\"@id\":\"https:\/\/creddo.com\/se\/#organization\"},\"potentialAction\":[{\"@type\":\"SearchAction\",\"target\":{\"@type\":\"EntryPoint\",\"urlTemplate\":\"https:\/\/creddo.com\/se\/?s={search_term_string}\"},\"query-input\":{\"@type\":\"PropertyValueSpecification\",\"valueRequired\":true,\"valueName\":\"search_term_string\"}}],\"inLanguage\":\"sv-SE\"},{\"@type\":\"Organization\",\"@id\":\"https:\/\/creddo.com\/se\/#organization\",\"name\":\"Creddo AB\",\"url\":\"https:\/\/creddo.com\/se\/\",\"logo\":{\"@type\":\"ImageObject\",\"inLanguage\":\"sv-SE\",\"@id\":\"https:\/\/creddo.com\/se\/#\/schema\/logo\/image\/\",\"url\":\"https:\/\/creddo.com\/se\/wp-content\/uploads\/2024\/04\/Creddo-logo-square.png\",\"contentUrl\":\"https:\/\/creddo.com\/se\/wp-content\/uploads\/2024\/04\/Creddo-logo-square.png\",\"width\":720,\"height\":720,\"caption\":\"Creddo AB\"},\"image\":{\"@id\":\"https:\/\/creddo.com\/se\/#\/schema\/logo\/image\/\"},\"sameAs\":[\"https:\/\/www.facebook.com\/creddose\",\"https:\/\/www.linkedin.com\/company\/creddo-ab\/\"]},{\"@type\":\"Person\",\"@id\":\"https:\/\/creddo.com\/se\/#\/schema\/person\/8ad6b3fa34b294ce0aa42e31a9c2209e\",\"name\":\"Linus N\u00e4slund\",\"image\":{\"@type\":\"ImageObject\",\"inLanguage\":\"sv-SE\",\"@id\":\"https:\/\/creddo.com\/se\/#\/schema\/person\/image\/\",\"url\":\"https:\/\/secure.gravatar.com\/avatar\/a88296d45744bd49dc30bb0c7fca726e?s=96&d=mm&r=g\",\"contentUrl\":\"https:\/\/secure.gravatar.com\/avatar\/a88296d45744bd49dc30bb0c7fca726e?s=96&d=mm&r=g\",\"caption\":\"Linus N\u00e4slund\"}}]}<\/script>\n<!-- \/ Yoast SEO Premium plugin. -->","yoast_head_json":{"title":"Dags att deklarera - Viktiga datum och tips p\u00e5 avdrag - Creddo","description":"Nu \u00e4r det snart dagas att deklarera igen. K\u00e4nner du till vilka avdrag du har r\u00e4tt att g\u00f6ra? Vi listar de vanligaste.","robots":{"index":"index","follow":"follow","max-snippet":"max-snippet:-1","max-image-preview":"max-image-preview:large","max-video-preview":"max-video-preview:-1"},"canonical":"https:\/\/creddo.com\/se\/experthornan\/dags-att-deklarera\/","og_locale":"sv_SE","og_type":"article","og_title":"Dags att deklarera","og_description":"Nu \u00e4r det \u00e5ter dags att deklarera. F\u00f6r att du inte ska missa n\u00e5gra viktiga avdrag som du har r\u00e4tt till har vi i denna artikel sammanst\u00e4llt n\u00e5gra av de","og_url":"https:\/\/creddo.com\/se\/experthornan\/dags-att-deklarera\/","og_site_name":"Creddo","article_publisher":"https:\/\/www.facebook.com\/creddose","article_published_time":"2021-03-31T09:14:39+00:00","article_modified_time":"2025-01-24T14:57:11+00:00","og_image":[{"width":1700,"height":956,"url":"https:\/\/creddo.com\/se\/wp-content\/uploads\/2021\/03\/dags-att-deklarera.jpg","type":"image\/jpeg"}],"author":"Linus N\u00e4slund","twitter_card":"summary_large_image","twitter_misc":{"Skriven av":"Linus N\u00e4slund","Ber\u00e4knad l\u00e4stid":"6 minuter"},"schema":{"@context":"https:\/\/schema.org","@graph":[{"@type":"Article","@id":"https:\/\/creddo.com\/se\/experthornan\/dags-att-deklarera\/#article","isPartOf":{"@id":"https:\/\/creddo.com\/se\/experthornan\/dags-att-deklarera\/"},"author":{"name":"Linus N\u00e4slund","@id":"https:\/\/creddo.com\/se\/#\/schema\/person\/8ad6b3fa34b294ce0aa42e31a9c2209e"},"headline":"Dags att deklarera","datePublished":"2021-03-31T09:14:39+00:00","dateModified":"2025-01-24T14:57:11+00:00","mainEntityOfPage":{"@id":"https:\/\/creddo.com\/se\/experthornan\/dags-att-deklarera\/"},"wordCount":1239,"publisher":{"@id":"https:\/\/creddo.com\/se\/#organization"},"image":{"@id":"https:\/\/creddo.com\/se\/experthornan\/dags-att-deklarera\/#primaryimage"},"thumbnailUrl":"https:\/\/creddo.com\/se\/wp-content\/uploads\/2021\/03\/dags-att-deklarera.jpg","articleSection":["Alla kategorier","Ekonomi &amp; F\u00f6retagande"],"inLanguage":"sv-SE"},{"@type":"WebPage","@id":"https:\/\/creddo.com\/se\/experthornan\/dags-att-deklarera\/","url":"https:\/\/creddo.com\/se\/experthornan\/dags-att-deklarera\/","name":"Dags att deklarera - Viktiga datum och tips p\u00e5 avdrag - Creddo","isPartOf":{"@id":"https:\/\/creddo.com\/se\/#website"},"primaryImageOfPage":{"@id":"https:\/\/creddo.com\/se\/experthornan\/dags-att-deklarera\/#primaryimage"},"image":{"@id":"https:\/\/creddo.com\/se\/experthornan\/dags-att-deklarera\/#primaryimage"},"thumbnailUrl":"https:\/\/creddo.com\/se\/wp-content\/uploads\/2021\/03\/dags-att-deklarera.jpg","datePublished":"2021-03-31T09:14:39+00:00","dateModified":"2025-01-24T14:57:11+00:00","description":"Nu \u00e4r det snart dagas att deklarera igen. K\u00e4nner du till vilka avdrag du har r\u00e4tt att g\u00f6ra? Vi listar de vanligaste.","breadcrumb":{"@id":"https:\/\/creddo.com\/se\/experthornan\/dags-att-deklarera\/#breadcrumb"},"inLanguage":"sv-SE","potentialAction":[{"@type":"ReadAction","target":["https:\/\/creddo.com\/se\/experthornan\/dags-att-deklarera\/"]}]},{"@type":"ImageObject","inLanguage":"sv-SE","@id":"https:\/\/creddo.com\/se\/experthornan\/dags-att-deklarera\/#primaryimage","url":"https:\/\/creddo.com\/se\/wp-content\/uploads\/2021\/03\/dags-att-deklarera.jpg","contentUrl":"https:\/\/creddo.com\/se\/wp-content\/uploads\/2021\/03\/dags-att-deklarera.jpg","width":1700,"height":956,"caption":"Kvinna deklarerar"},{"@type":"BreadcrumbList","@id":"https:\/\/creddo.com\/se\/experthornan\/dags-att-deklarera\/#breadcrumb","itemListElement":[{"@type":"ListItem","position":1,"name":"Creddo.com","item":"https:\/\/creddo.com\/se\/"},{"@type":"ListItem","position":2,"name":"Dags att deklarera"}]},{"@type":"WebSite","@id":"https:\/\/creddo.com\/se\/#website","url":"https:\/\/creddo.com\/se\/","name":"Creddo","description":"J\u00e4mf\u00f6r f\u00f6retagsl\u00e5n upp till 10 miljoner","publisher":{"@id":"https:\/\/creddo.com\/se\/#organization"},"potentialAction":[{"@type":"SearchAction","target":{"@type":"EntryPoint","urlTemplate":"https:\/\/creddo.com\/se\/?s={search_term_string}"},"query-input":{"@type":"PropertyValueSpecification","valueRequired":true,"valueName":"search_term_string"}}],"inLanguage":"sv-SE"},{"@type":"Organization","@id":"https:\/\/creddo.com\/se\/#organization","name":"Creddo AB","url":"https:\/\/creddo.com\/se\/","logo":{"@type":"ImageObject","inLanguage":"sv-SE","@id":"https:\/\/creddo.com\/se\/#\/schema\/logo\/image\/","url":"https:\/\/creddo.com\/se\/wp-content\/uploads\/2024\/04\/Creddo-logo-square.png","contentUrl":"https:\/\/creddo.com\/se\/wp-content\/uploads\/2024\/04\/Creddo-logo-square.png","width":720,"height":720,"caption":"Creddo AB"},"image":{"@id":"https:\/\/creddo.com\/se\/#\/schema\/logo\/image\/"},"sameAs":["https:\/\/www.facebook.com\/creddose","https:\/\/www.linkedin.com\/company\/creddo-ab\/"]},{"@type":"Person","@id":"https:\/\/creddo.com\/se\/#\/schema\/person\/8ad6b3fa34b294ce0aa42e31a9c2209e","name":"Linus N\u00e4slund","image":{"@type":"ImageObject","inLanguage":"sv-SE","@id":"https:\/\/creddo.com\/se\/#\/schema\/person\/image\/","url":"https:\/\/secure.gravatar.com\/avatar\/a88296d45744bd49dc30bb0c7fca726e?s=96&d=mm&r=g","contentUrl":"https:\/\/secure.gravatar.com\/avatar\/a88296d45744bd49dc30bb0c7fca726e?s=96&d=mm&r=g","caption":"Linus N\u00e4slund"}}]}},"lang":"sv","translations":{"sv":1305},"uagb_featured_image_src":{"full":["https:\/\/creddo.com\/se\/wp-content\/uploads\/2021\/03\/dags-att-deklarera.jpg",1700,956,false],"thumbnail":["https:\/\/creddo.com\/se\/wp-content\/uploads\/2021\/03\/dags-att-deklarera-150x150.jpg",150,150,true],"medium":["https:\/\/creddo.com\/se\/wp-content\/uploads\/2021\/03\/dags-att-deklarera-300x169.jpg",300,169,true],"medium_large":["https:\/\/creddo.com\/se\/wp-content\/uploads\/2021\/03\/dags-att-deklarera-768x432.jpg",768,432,true],"large":["https:\/\/creddo.com\/se\/wp-content\/uploads\/2021\/03\/dags-att-deklarera-1024x576.jpg",1024,576,true],"1536x1536":["https:\/\/creddo.com\/se\/wp-content\/uploads\/2021\/03\/dags-att-deklarera-1536x864.jpg",1536,864,true],"2048x2048":["https:\/\/creddo.com\/se\/wp-content\/uploads\/2021\/03\/dags-att-deklarera.jpg",1700,956,false]},"uagb_author_info":{"display_name":"Linus N\u00e4slund","author_link":"https:\/\/creddo.com\/se\/experthornan\/author\/linus\/"},"uagb_comment_info":0,"uagb_excerpt":"Nu \u00e4r det \u00e5ter dags att deklarera. F\u00f6r att du inte ska missa n\u00e5gra viktiga avdrag som du har r\u00e4tt till har vi i denna artikel sammanst\u00e4llt n\u00e5gra av de allra viktigaste.&nbsp; Viktiga avdrag att k\u00e4nna till Aktier F\u00f6rs\u00e4ljningar av aktier ska du rapportera till Skatteverket. Du m\u00e5ste dock sj\u00e4lv redovisa ink\u00f6pspriset och de omkostnader&hellip;","pll_sync_post":[],"_links":{"self":[{"href":"https:\/\/creddo.com\/se\/wp-json\/wp\/v2\/posts\/1305","targetHints":{"allow":["GET"]}}],"collection":[{"href":"https:\/\/creddo.com\/se\/wp-json\/wp\/v2\/posts"}],"about":[{"href":"https:\/\/creddo.com\/se\/wp-json\/wp\/v2\/types\/post"}],"author":[{"embeddable":true,"href":"https:\/\/creddo.com\/se\/wp-json\/wp\/v2\/users\/9"}],"replies":[{"embeddable":true,"href":"https:\/\/creddo.com\/se\/wp-json\/wp\/v2\/comments?post=1305"}],"version-history":[{"count":9,"href":"https:\/\/creddo.com\/se\/wp-json\/wp\/v2\/posts\/1305\/revisions"}],"predecessor-version":[{"id":4481,"href":"https:\/\/creddo.com\/se\/wp-json\/wp\/v2\/posts\/1305\/revisions\/4481"}],"wp:featuredmedia":[{"embeddable":true,"href":"https:\/\/creddo.com\/se\/wp-json\/wp\/v2\/media\/2102"}],"wp:attachment":[{"href":"https:\/\/creddo.com\/se\/wp-json\/wp\/v2\/media?parent=1305"}],"wp:term":[{"taxonomy":"category","embeddable":true,"href":"https:\/\/creddo.com\/se\/wp-json\/wp\/v2\/categories?post=1305"},{"taxonomy":"post_tag","embeddable":true,"href":"https:\/\/creddo.com\/se\/wp-json\/wp\/v2\/tags?post=1305"}],"curies":[{"name":"wp","href":"https:\/\/api.w.org\/{rel}","templated":true}]}}