{"id":3999,"date":"2024-05-27T13:42:17","date_gmt":"2024-05-27T11:42:17","guid":{"rendered":"https:\/\/creddo.com\/se\/?p=3999"},"modified":"2025-03-11T16:21:46","modified_gmt":"2025-03-11T15:21:46","slug":"viktiga-datum-for-entreprenorer-och-foretagare-under-sommarmanaderna-juni-juli-augusti","status":"publish","type":"post","link":"https:\/\/creddo.com\/se\/experthornan\/viktiga-datum-for-entreprenorer-och-foretagare-under-sommarmanaderna-juni-juli-augusti\/","title":{"rendered":"Viktiga datum f\u00f6r entrepren\u00f6rer och f\u00f6retagare under sommarm\u00e5naderna: juni, juli, augusti"},"content":{"rendered":"\n<p><strong>Sommaren \u00e4r inte bara tid f\u00f6r semester och soliga dagar. F\u00f6r entrepren\u00f6rer och f\u00f6retagare \u00e4r det ocks\u00e5 en period full av viktiga deadlines och administrativa uppgifter. Att h\u00e5lla koll p\u00e5 dessa datum \u00e4r viktigt f\u00f6r att s\u00e4kerst\u00e4lla att ditt f\u00f6retag f\u00f6ljer alla regler och undviker eventuella f\u00f6rseningsavgifter. Creddo har d\u00e4rf\u00f6r sammanst\u00e4llt utifr\u00e5n Skatteverkets hemsida, en \u00f6versikt \u00f6ver de viktigaste datumen under sommarm\u00e5naderna juni, juli och augusti.<\/strong><\/p>\n\n\n\n<p>Att missa en inl\u00e4mning av en deklaration eller inbetalning till Skatteverket kan bli en dyr kostnad f\u00f6r ditt f\u00f6retag. En f\u00f6rsenad inl\u00e4mning av exempelvis inkomstdeklaration eller momsdeklaration kan kosta ett f\u00f6retag tusentals kronor.&nbsp;<\/p>\n\n\n\n<p>Med ovan information vill vi p\u00e5 Creddo underl\u00e4tta f\u00f6r dig som f\u00f6retagare genom att p\u00e5 ett enkelt s\u00e4tt sammanst\u00e4lla och presentera de viktiga datum som kan ber\u00f6ra dig som f\u00f6retagare under de n\u00e4stkommande m\u00e5naderna.&nbsp;<\/p>\n\n\n\n<p>De datum som presenteras f\u00f6rst g\u00e4ller dig som enskild n\u00e4ringsidkare som oms\u00e4tter upp till en miljon kronor under ett kalender\u00e5r. F\u00f6r dig som driver aktiebolag eller f\u00f6rening med oms\u00e4ttning mellan 1\u201340 miljoner kronor per kvartal, presenteras de viktigaste datumen l\u00e4ngre ned p\u00e5 sidan.&nbsp;<\/p>\n\n\n\n<h2 class=\"wp-block-heading\" id=\"h-viktiga-datum-for-enskild-naringsidkare-som-omsatter-upp-till-1miljon-kronor-helar\">Viktiga datum f\u00f6r Enskild n\u00e4ringsidkare som oms\u00e4tter upp till 1miljon kronor (hel\u00e5r):<\/h2>\n\n\n\n<h2 class=\"wp-block-heading\" id=\"h-juni\">Juni<\/h2>\n\n\n\n<ul class=\"wp-block-list\">\n<li>Den 12 juni: Du ska ha betalat in Debiterad prelimin\u00e4rskatt<\/li>\n\n\n\n<li>Den 12 juni: Du ska ha betalt in Arbetsgivaravgift och avdragen skatt<\/li>\n\n\n\n<li>Den 12 juni: Du ska ha skickat in Arbetsgivardeklaration<\/li>\n\n\n\n<li>Den 14 juni: Skatteverket skickar ut Besked om beslutade skatteuppgifter<\/li>\n\n\n\n<li>Den 15 juni: Skatteverket skickar ut Beslut om fastighetstaxering<\/li>\n\n\n\n<li>Den 20 juni: Du ska ha skickat in Periodisk sammanst\u00e4llning p\u00e5 blankett<\/li>\n\n\n\n<li>Den 25 juni: Du ska ha skickat in Periodisk sammanst\u00e4llning via e-tj\u00e4nst<\/li>\n\n\n\n<li>Den 30 juni: Du ska ha betalat in Moms p\u00e5 IOSS<\/li>\n\n\n\n<li>Den 30 juni: Skatteverket skickar ut Beslut om fastighetstaxering<\/li>\n\n\n\n<li>Den 30 juni: Du ska ha skickat in Prelimin\u00e4r inkomstdeklaration<\/li>\n<\/ul>\n\n\n\n<h2 class=\"wp-block-heading\" id=\"h-juli\">Juli<\/h2>\n\n\n\n<ul class=\"wp-block-list\">\n<li>Den 12 juli: Du ska ha betalat in Debiterad prelimin\u00e4rskatt<\/li>\n\n\n\n<li>Den 12 juli: Du ska ha betalt i Arbetsgivaravgift och avdragen skatt<\/li>\n\n\n\n<li>Den 12 juli: Du ska ha skickat in Arbetsgivardeklaration<\/li>\n\n\n\n<li>Den 22 juli: Du ska ha skickat in Periodisk sammanst\u00e4llning p\u00e5 blankett<\/li>\n\n\n\n<li>Den 25 juli: Du ska ha skickat in Periodisk sammanst\u00e4llning via e-tj\u00e4nst<\/li>\n\n\n\n<li>Den 31 juli: Du ska ha betalt in Moms p\u00e5 IOSS<\/li>\n\n\n\n<li>Den 31 juli: Du ska ha betalat in Moms p\u00e5 OSS<\/li>\n<\/ul>\n\n\n\n<h2 class=\"wp-block-heading\" id=\"h-augusti\">Augusti<\/h2>\n\n\n\n<ul class=\"wp-block-list\">\n<li>Den 15 augusti: Skatteverket skickar ut Besked om beslutande skatteuppgifter<\/li>\n\n\n\n<li>Den 19 augusti: Du ska ha betalat in Debiterad prelimin\u00e4rskatt<\/li>\n\n\n\n<li>Den 19 augusti: Du ska ha betalat in Arbetsgivaravgift och avdragen skatt<\/li>\n\n\n\n<li>Den 19 augusti: Du ska ha skickat in Arbetsgivardeklaration<\/li>\n\n\n\n<li>Den 20 augusti: Du ska ha skickat in Periodisk sammanst\u00e4llning p\u00e5 blankett<\/li>\n\n\n\n<li>Den 26 augusti: Du ska ha skickat in Periodisk sammanst\u00e4llning via e-tj\u00e4nst<\/li>\n\n\n\n<li>Den 31 augusti: Du ska ha betalat in Moms p\u00e5 IOSS<\/li>\n<\/ul>\n\n\n\n<h2 class=\"wp-block-heading\" id=\"h-viktiga-datum-for-aktiebolag-och-foreningar-som-omsatter-mellan-1-40-miljoner-kronor-per-kvartal\">Viktiga datum f\u00f6r aktiebolag och f\u00f6reningar som oms\u00e4tter mellan 1-40 miljoner kronor (per kvartal):<\/h2>\n\n\n\n<h2 class=\"wp-block-heading\" id=\"h-juni-0\">Juni<\/h2>\n\n\n\n<ul class=\"wp-block-list\">\n<li>Den 12 juni: Du ska ha betalat in Debiterad prelimin\u00e4rskatt&nbsp;<\/li>\n\n\n\n<li>Den 12 juni: Du ska ha betalat in Arbetsgivaravgift<\/li>\n\n\n\n<li>Den 12 juni: Du ska ha skickat in Arbetsgivardeklaration<\/li>\n\n\n\n<li>Den 15 juni: Skatteverket skickar ut Beslut om fastighetstaxering<\/li>\n\n\n\n<li>Den 20 juni: Du ska ha skickat in Periodisk sammanst\u00e4llning p\u00e5 blankett<\/li>\n\n\n\n<li>Den 25 juni: Du ska ha skickat in Periodisk sammanst\u00e4llning via e-tj\u00e4nst<\/li>\n\n\n\n<li>Den 30 juni: Du ska ha betalat in Moms p\u00e5 IOSS<\/li>\n\n\n\n<li>Den 30 juni: Skatteverket skickar ut Beslut om fastighetstaxering<\/li>\n\n\n\n<li>Den 30 juni: Du ska ha skickat in Prelimin\u00e4r inkomstdeklaration<\/li>\n<\/ul>\n\n\n\n<h2 class=\"wp-block-heading\" id=\"h-juli-0\">Juli<\/h2>\n\n\n\n<ul class=\"wp-block-list\">\n<li>Den 12 juli: Du ska ha betalat in Debiterad prelimin\u00e4rskatt<\/li>\n\n\n\n<li>Den 12 juli: Du ska ha betalat in Arbetsgivaravgift och avdragen skatt<\/li>\n\n\n\n<li>Den 12 juli: Du ska ha skickat in Arbetsgivardeklaration<\/li>\n\n\n\n<li>Den 22 juli: Du ska ha skickat in Periodisk sammanst\u00e4llning p\u00e5 blankett<\/li>\n\n\n\n<li>Den 25 juli: Du ska ha skickat in Periodisk sammanst\u00e4llning via e-tj\u00e4nst<\/li>\n\n\n\n<li>Den 31 juli: Du ska ha betalat in moms p\u00e5 IOSS<\/li>\n\n\n\n<li>Den 31 juli: Du ska ha betalat in OSS<\/li>\n<\/ul>\n\n\n\n<h2 class=\"wp-block-heading\" id=\"h-augusti-0\">Augusti<\/h2>\n\n\n\n<ul class=\"wp-block-list\">\n<li>Den 1 augusti: Du ska ha skickat in Inkomstdeklaration 2 &amp; 3<\/li>\n\n\n\n<li>Den 19 augusti: Du ska ha betalat in Debiterad prelimin\u00e4rskatt<\/li>\n\n\n\n<li>Den 19 augusti: Du ska ha betalat in Arbetsgivaravgift och avdragen skatt<\/li>\n\n\n\n<li>Den 19 augusti: Du ska ha skickat in Arbetsgivardeklaration<\/li>\n\n\n\n<li>Den 19 augusti: Du ska ha skickat in Momsdeklaration<\/li>\n\n\n\n<li>Den 19 augusti: Du ska ha betalt in Moms<\/li>\n\n\n\n<li>Den 20 augusti: Du ska ha skickat in Periodisk sammanst\u00e4llning p\u00e5 blankett<\/li>\n\n\n\n<li>Den 26 augusti: Du ska ha skickat in Periodisk sammanst\u00e4llning via e-tj\u00e4nst<\/li>\n\n\n\n<li>Den 31 augusti: Du ska ha betalat in Moms p\u00e5 IOSS<\/li>\n<\/ul>\n\n\n\n<h2 class=\"wp-block-heading\" id=\"h-tips-for-att-halla-koll-pa-deadlines\">Tips f\u00f6r att h\u00e5lla koll p\u00e5 deadlines<\/h2>\n\n\n\n<ol class=\"wp-block-list\">\n<li><strong>Anv\u00e4nd en kalender:<\/strong> M\u00e4rk ut alla viktiga datum i en digital kalender och s\u00e4tt p\u00e5minnelser n\u00e5gra dagar i f\u00f6rv\u00e4g.<\/li>\n\n\n\n<li><strong>Automatisera betalningar:<\/strong> M\u00e5nga banker erbjuder automatiska betalningstj\u00e4nster som kan hj\u00e4lpa dig att inte missa deadlines.<\/li>\n\n\n\n<li><strong>H\u00e5ll kontakt med din revisor:<\/strong> Om du har en revisor, se till att de ocks\u00e5 har en kopia av alla viktiga datum.<\/li>\n\n\n\n<li><strong>Prenumerera p\u00e5 Skatteverkets nyhetsbrev:<\/strong> Skatteverket skickar regelbundet ut information om viktiga datum och f\u00f6r\u00e4ndringar i skatteregler.<\/li>\n<\/ol>\n\n\n\n<h2 class=\"wp-block-heading\" id=\"h-behover-ditt-foretag-hjalp-med-finansiering\">Beh\u00f6ver ditt f\u00f6retag hj\u00e4lp med finansiering?<\/h2>\n\n\n\n<p>Oavsett var i Sverige du planerar att starta eller utveckla ditt f\u00f6retag kan Creddo vara din p\u00e5litliga partner f\u00f6r att hitta r\u00e4tt finansieringsl\u00f6sning. Vi erbjuder en enkel och kostnadsfri tj\u00e4nst f\u00f6r att j\u00e4mf\u00f6ra <a href=\"https:\/\/creddo.com\/se\/foretagslan\/\">f\u00f6retagsl\u00e5n<\/a> fr\u00e5n flera l\u00e5ngivare. V\u00e5rt dedikerade team av r\u00e5dgivare st\u00e5r redo att hj\u00e4lpa dig genom hela processen. Kontakta oss p\u00e5 tel: <a href=\"tel:+46105516702\">010-551 67 02<\/a>, f\u00f6r personlig r\u00e5dgivning eller hj\u00e4lp med din ans\u00f6kan idag.<\/p>\n\n\n\n<p>\n<a href=\"https:\/\/creddo.com\/se\/foretagslan\/\" class=\"btn btn-blue\">J\u00e4mf\u00f6r f\u00f6retagsl\u00e5n<\/a>\n<\/p>\n","protected":false},"excerpt":{"rendered":"<p>Sommaren \u00e4r inte bara tid f\u00f6r semester och soliga dagar. F\u00f6r entrepren\u00f6rer och f\u00f6retagare \u00e4r det ocks\u00e5 en period full av viktiga deadlines och administrativa uppgifter. Att h\u00e5lla koll p\u00e5 dessa datum \u00e4r viktigt f\u00f6r att s\u00e4kerst\u00e4lla att ditt f\u00f6retag f\u00f6ljer alla regler och undviker eventuella f\u00f6rseningsavgifter. Creddo har d\u00e4rf\u00f6r sammanst\u00e4llt utifr\u00e5n Skatteverkets hemsida, en [&hellip;]<\/p>\n","protected":false},"author":15,"featured_media":4004,"comment_status":"closed","ping_status":"open","sticky":false,"template":"","format":"standard","meta":{"_acf_changed":false,"_uag_custom_page_level_css":"","footnotes":""},"categories":[28],"tags":[],"class_list":["post-3999","post","type-post","status-publish","format-standard","has-post-thumbnail","hentry","category-ekonomi-och-foretagande"],"acf":[],"yoast_head":"<!-- This site is optimized with the Yoast SEO Premium plugin v26.6 (Yoast SEO v26.8) - https:\/\/yoast.com\/product\/yoast-seo-premium-wordpress\/ -->\n<title>Viktiga datum f\u00f6r entrepren\u00f6rer och f\u00f6retagare - Creddo<\/title>\n<meta name=\"description\" content=\"Uppt\u00e4ck viktiga datum f\u00f6r entrepren\u00f6rer och f\u00f6retagare under sommarm\u00e5naderna juni, juli och augusti. F\u00e5 koll p\u00e5 deadlines och tips p\u00e5 Creddo. Bes\u00f6k v\u00e5r sida nu!\" \/>\n<meta name=\"robots\" content=\"index, follow, max-snippet:-1, max-image-preview:large, max-video-preview:-1\" \/>\n<link rel=\"canonical\" href=\"https:\/\/creddo.com\/se\/experthornan\/viktiga-datum-for-entreprenorer-och-foretagare-under-sommarmanaderna-juni-juli-augusti\/\" \/>\n<meta property=\"og:locale\" content=\"sv_SE\" \/>\n<meta property=\"og:type\" content=\"article\" \/>\n<meta property=\"og:title\" content=\"Viktiga datum f\u00f6r entrepren\u00f6rer och f\u00f6retagare under sommarm\u00e5naderna: juni, juli, augusti\" \/>\n<meta property=\"og:description\" content=\"Sommaren \u00e4r inte bara tid f\u00f6r semester och soliga dagar. F\u00f6r entrepren\u00f6rer och f\u00f6retagare \u00e4r det ocks\u00e5 en period full av viktiga deadlines och\" \/>\n<meta property=\"og:url\" content=\"https:\/\/creddo.com\/se\/experthornan\/viktiga-datum-for-entreprenorer-och-foretagare-under-sommarmanaderna-juni-juli-augusti\/\" \/>\n<meta property=\"og:site_name\" content=\"Creddo\" \/>\n<meta property=\"article:publisher\" content=\"https:\/\/www.facebook.com\/creddose\" \/>\n<meta property=\"article:published_time\" content=\"2024-05-27T11:42:17+00:00\" \/>\n<meta property=\"article:modified_time\" content=\"2025-03-11T15:21:46+00:00\" \/>\n<meta property=\"og:image\" content=\"https:\/\/creddo.com\/se\/wp-content\/uploads\/2024\/05\/69.jpg\" \/>\n\t<meta property=\"og:image:width\" content=\"1200\" \/>\n\t<meta property=\"og:image:height\" content=\"630\" \/>\n\t<meta property=\"og:image:type\" content=\"image\/jpeg\" \/>\n<meta name=\"author\" content=\"Miko\u0142aj \u015al\u0119zak\" \/>\n<meta name=\"twitter:card\" content=\"summary_large_image\" \/>\n<meta name=\"twitter:label1\" content=\"Skriven av\" \/>\n\t<meta name=\"twitter:data1\" content=\"Miko\u0142aj \u015al\u0119zak\" \/>\n\t<meta name=\"twitter:label2\" content=\"Ber\u00e4knad l\u00e4stid\" \/>\n\t<meta name=\"twitter:data2\" content=\"5 minuter\" \/>\n<script type=\"application\/ld+json\" class=\"yoast-schema-graph\">{\"@context\":\"https:\/\/schema.org\",\"@graph\":[{\"@type\":\"Article\",\"@id\":\"https:\/\/creddo.com\/se\/experthornan\/viktiga-datum-for-entreprenorer-och-foretagare-under-sommarmanaderna-juni-juli-augusti\/#article\",\"isPartOf\":{\"@id\":\"https:\/\/creddo.com\/se\/experthornan\/viktiga-datum-for-entreprenorer-och-foretagare-under-sommarmanaderna-juni-juli-augusti\/\"},\"author\":{\"name\":\"Miko\u0142aj \u015al\u0119zak\",\"@id\":\"https:\/\/creddo.com\/se\/#\/schema\/person\/322e830888a93779a211f07b5975db35\"},\"headline\":\"Viktiga datum f\u00f6r entrepren\u00f6rer och f\u00f6retagare under sommarm\u00e5naderna: juni, juli, augusti\",\"datePublished\":\"2024-05-27T11:42:17+00:00\",\"dateModified\":\"2025-03-11T15:21:46+00:00\",\"mainEntityOfPage\":{\"@id\":\"https:\/\/creddo.com\/se\/experthornan\/viktiga-datum-for-entreprenorer-och-foretagare-under-sommarmanaderna-juni-juli-augusti\/\"},\"wordCount\":961,\"publisher\":{\"@id\":\"https:\/\/creddo.com\/se\/#organization\"},\"image\":{\"@id\":\"https:\/\/creddo.com\/se\/experthornan\/viktiga-datum-for-entreprenorer-och-foretagare-under-sommarmanaderna-juni-juli-augusti\/#primaryimage\"},\"thumbnailUrl\":\"https:\/\/creddo.com\/se\/wp-content\/uploads\/2024\/05\/69.jpg\",\"articleSection\":[\"Ekonomi &amp; F\u00f6retagande\"],\"inLanguage\":\"sv-SE\"},{\"@type\":\"WebPage\",\"@id\":\"https:\/\/creddo.com\/se\/experthornan\/viktiga-datum-for-entreprenorer-och-foretagare-under-sommarmanaderna-juni-juli-augusti\/\",\"url\":\"https:\/\/creddo.com\/se\/experthornan\/viktiga-datum-for-entreprenorer-och-foretagare-under-sommarmanaderna-juni-juli-augusti\/\",\"name\":\"Viktiga datum f\u00f6r entrepren\u00f6rer och f\u00f6retagare - Creddo\",\"isPartOf\":{\"@id\":\"https:\/\/creddo.com\/se\/#website\"},\"primaryImageOfPage\":{\"@id\":\"https:\/\/creddo.com\/se\/experthornan\/viktiga-datum-for-entreprenorer-och-foretagare-under-sommarmanaderna-juni-juli-augusti\/#primaryimage\"},\"image\":{\"@id\":\"https:\/\/creddo.com\/se\/experthornan\/viktiga-datum-for-entreprenorer-och-foretagare-under-sommarmanaderna-juni-juli-augusti\/#primaryimage\"},\"thumbnailUrl\":\"https:\/\/creddo.com\/se\/wp-content\/uploads\/2024\/05\/69.jpg\",\"datePublished\":\"2024-05-27T11:42:17+00:00\",\"dateModified\":\"2025-03-11T15:21:46+00:00\",\"description\":\"Uppt\u00e4ck viktiga datum f\u00f6r entrepren\u00f6rer och f\u00f6retagare under sommarm\u00e5naderna juni, juli och augusti. F\u00e5 koll p\u00e5 deadlines och tips p\u00e5 Creddo. Bes\u00f6k v\u00e5r sida nu!\",\"breadcrumb\":{\"@id\":\"https:\/\/creddo.com\/se\/experthornan\/viktiga-datum-for-entreprenorer-och-foretagare-under-sommarmanaderna-juni-juli-augusti\/#breadcrumb\"},\"inLanguage\":\"sv-SE\",\"potentialAction\":[{\"@type\":\"ReadAction\",\"target\":[\"https:\/\/creddo.com\/se\/experthornan\/viktiga-datum-for-entreprenorer-och-foretagare-under-sommarmanaderna-juni-juli-augusti\/\"]}]},{\"@type\":\"ImageObject\",\"inLanguage\":\"sv-SE\",\"@id\":\"https:\/\/creddo.com\/se\/experthornan\/viktiga-datum-for-entreprenorer-och-foretagare-under-sommarmanaderna-juni-juli-augusti\/#primaryimage\",\"url\":\"https:\/\/creddo.com\/se\/wp-content\/uploads\/2024\/05\/69.jpg\",\"contentUrl\":\"https:\/\/creddo.com\/se\/wp-content\/uploads\/2024\/05\/69.jpg\",\"width\":1200,\"height\":630,\"caption\":\"Calendar - Creddo f\u00f6retagsl\u00e5n\"},{\"@type\":\"BreadcrumbList\",\"@id\":\"https:\/\/creddo.com\/se\/experthornan\/viktiga-datum-for-entreprenorer-och-foretagare-under-sommarmanaderna-juni-juli-augusti\/#breadcrumb\",\"itemListElement\":[{\"@type\":\"ListItem\",\"position\":1,\"name\":\"Creddo.com\",\"item\":\"https:\/\/creddo.com\/se\/\"},{\"@type\":\"ListItem\",\"position\":2,\"name\":\"Viktiga datum f\u00f6r entrepren\u00f6rer och f\u00f6retagare under sommarm\u00e5naderna: juni, juli, augusti\"}]},{\"@type\":\"WebSite\",\"@id\":\"https:\/\/creddo.com\/se\/#website\",\"url\":\"https:\/\/creddo.com\/se\/\",\"name\":\"Creddo\",\"description\":\"J\u00e4mf\u00f6r f\u00f6retagsl\u00e5n upp till 10 miljoner\",\"publisher\":{\"@id\":\"https:\/\/creddo.com\/se\/#organization\"},\"potentialAction\":[{\"@type\":\"SearchAction\",\"target\":{\"@type\":\"EntryPoint\",\"urlTemplate\":\"https:\/\/creddo.com\/se\/?s={search_term_string}\"},\"query-input\":{\"@type\":\"PropertyValueSpecification\",\"valueRequired\":true,\"valueName\":\"search_term_string\"}}],\"inLanguage\":\"sv-SE\"},{\"@type\":\"Organization\",\"@id\":\"https:\/\/creddo.com\/se\/#organization\",\"name\":\"Creddo AB\",\"url\":\"https:\/\/creddo.com\/se\/\",\"logo\":{\"@type\":\"ImageObject\",\"inLanguage\":\"sv-SE\",\"@id\":\"https:\/\/creddo.com\/se\/#\/schema\/logo\/image\/\",\"url\":\"https:\/\/creddo.com\/se\/wp-content\/uploads\/2024\/04\/Creddo-logo-square.png\",\"contentUrl\":\"https:\/\/creddo.com\/se\/wp-content\/uploads\/2024\/04\/Creddo-logo-square.png\",\"width\":720,\"height\":720,\"caption\":\"Creddo AB\"},\"image\":{\"@id\":\"https:\/\/creddo.com\/se\/#\/schema\/logo\/image\/\"},\"sameAs\":[\"https:\/\/www.facebook.com\/creddose\",\"https:\/\/www.linkedin.com\/company\/creddo-ab\/\"]},{\"@type\":\"Person\",\"@id\":\"https:\/\/creddo.com\/se\/#\/schema\/person\/322e830888a93779a211f07b5975db35\",\"name\":\"Miko\u0142aj \u015al\u0119zak\",\"image\":{\"@type\":\"ImageObject\",\"inLanguage\":\"sv-SE\",\"@id\":\"https:\/\/creddo.com\/se\/#\/schema\/person\/image\/\",\"url\":\"https:\/\/secure.gravatar.com\/avatar\/29547474acdd9d0541a106ff7ff95d9d?s=96&d=mm&r=g\",\"contentUrl\":\"https:\/\/secure.gravatar.com\/avatar\/29547474acdd9d0541a106ff7ff95d9d?s=96&d=mm&r=g\",\"caption\":\"Miko\u0142aj \u015al\u0119zak\"}}]}<\/script>\n<!-- \/ Yoast SEO Premium plugin. -->","yoast_head_json":{"title":"Viktiga datum f\u00f6r entrepren\u00f6rer och f\u00f6retagare - Creddo","description":"Uppt\u00e4ck viktiga datum f\u00f6r entrepren\u00f6rer och f\u00f6retagare under sommarm\u00e5naderna juni, juli och augusti. F\u00e5 koll p\u00e5 deadlines och tips p\u00e5 Creddo. Bes\u00f6k v\u00e5r sida nu!","robots":{"index":"index","follow":"follow","max-snippet":"max-snippet:-1","max-image-preview":"max-image-preview:large","max-video-preview":"max-video-preview:-1"},"canonical":"https:\/\/creddo.com\/se\/experthornan\/viktiga-datum-for-entreprenorer-och-foretagare-under-sommarmanaderna-juni-juli-augusti\/","og_locale":"sv_SE","og_type":"article","og_title":"Viktiga datum f\u00f6r entrepren\u00f6rer och f\u00f6retagare under sommarm\u00e5naderna: juni, juli, augusti","og_description":"Sommaren \u00e4r inte bara tid f\u00f6r semester och soliga dagar. F\u00f6r entrepren\u00f6rer och f\u00f6retagare \u00e4r det ocks\u00e5 en period full av viktiga deadlines och","og_url":"https:\/\/creddo.com\/se\/experthornan\/viktiga-datum-for-entreprenorer-och-foretagare-under-sommarmanaderna-juni-juli-augusti\/","og_site_name":"Creddo","article_publisher":"https:\/\/www.facebook.com\/creddose","article_published_time":"2024-05-27T11:42:17+00:00","article_modified_time":"2025-03-11T15:21:46+00:00","og_image":[{"width":1200,"height":630,"url":"https:\/\/creddo.com\/se\/wp-content\/uploads\/2024\/05\/69.jpg","type":"image\/jpeg"}],"author":"Miko\u0142aj \u015al\u0119zak","twitter_card":"summary_large_image","twitter_misc":{"Skriven av":"Miko\u0142aj \u015al\u0119zak","Ber\u00e4knad l\u00e4stid":"5 minuter"},"schema":{"@context":"https:\/\/schema.org","@graph":[{"@type":"Article","@id":"https:\/\/creddo.com\/se\/experthornan\/viktiga-datum-for-entreprenorer-och-foretagare-under-sommarmanaderna-juni-juli-augusti\/#article","isPartOf":{"@id":"https:\/\/creddo.com\/se\/experthornan\/viktiga-datum-for-entreprenorer-och-foretagare-under-sommarmanaderna-juni-juli-augusti\/"},"author":{"name":"Miko\u0142aj \u015al\u0119zak","@id":"https:\/\/creddo.com\/se\/#\/schema\/person\/322e830888a93779a211f07b5975db35"},"headline":"Viktiga datum f\u00f6r entrepren\u00f6rer och f\u00f6retagare under sommarm\u00e5naderna: juni, juli, augusti","datePublished":"2024-05-27T11:42:17+00:00","dateModified":"2025-03-11T15:21:46+00:00","mainEntityOfPage":{"@id":"https:\/\/creddo.com\/se\/experthornan\/viktiga-datum-for-entreprenorer-och-foretagare-under-sommarmanaderna-juni-juli-augusti\/"},"wordCount":961,"publisher":{"@id":"https:\/\/creddo.com\/se\/#organization"},"image":{"@id":"https:\/\/creddo.com\/se\/experthornan\/viktiga-datum-for-entreprenorer-och-foretagare-under-sommarmanaderna-juni-juli-augusti\/#primaryimage"},"thumbnailUrl":"https:\/\/creddo.com\/se\/wp-content\/uploads\/2024\/05\/69.jpg","articleSection":["Ekonomi &amp; F\u00f6retagande"],"inLanguage":"sv-SE"},{"@type":"WebPage","@id":"https:\/\/creddo.com\/se\/experthornan\/viktiga-datum-for-entreprenorer-och-foretagare-under-sommarmanaderna-juni-juli-augusti\/","url":"https:\/\/creddo.com\/se\/experthornan\/viktiga-datum-for-entreprenorer-och-foretagare-under-sommarmanaderna-juni-juli-augusti\/","name":"Viktiga datum f\u00f6r entrepren\u00f6rer och f\u00f6retagare - Creddo","isPartOf":{"@id":"https:\/\/creddo.com\/se\/#website"},"primaryImageOfPage":{"@id":"https:\/\/creddo.com\/se\/experthornan\/viktiga-datum-for-entreprenorer-och-foretagare-under-sommarmanaderna-juni-juli-augusti\/#primaryimage"},"image":{"@id":"https:\/\/creddo.com\/se\/experthornan\/viktiga-datum-for-entreprenorer-och-foretagare-under-sommarmanaderna-juni-juli-augusti\/#primaryimage"},"thumbnailUrl":"https:\/\/creddo.com\/se\/wp-content\/uploads\/2024\/05\/69.jpg","datePublished":"2024-05-27T11:42:17+00:00","dateModified":"2025-03-11T15:21:46+00:00","description":"Uppt\u00e4ck viktiga datum f\u00f6r entrepren\u00f6rer och f\u00f6retagare under sommarm\u00e5naderna juni, juli och augusti. F\u00e5 koll p\u00e5 deadlines och tips p\u00e5 Creddo. Bes\u00f6k v\u00e5r sida nu!","breadcrumb":{"@id":"https:\/\/creddo.com\/se\/experthornan\/viktiga-datum-for-entreprenorer-och-foretagare-under-sommarmanaderna-juni-juli-augusti\/#breadcrumb"},"inLanguage":"sv-SE","potentialAction":[{"@type":"ReadAction","target":["https:\/\/creddo.com\/se\/experthornan\/viktiga-datum-for-entreprenorer-och-foretagare-under-sommarmanaderna-juni-juli-augusti\/"]}]},{"@type":"ImageObject","inLanguage":"sv-SE","@id":"https:\/\/creddo.com\/se\/experthornan\/viktiga-datum-for-entreprenorer-och-foretagare-under-sommarmanaderna-juni-juli-augusti\/#primaryimage","url":"https:\/\/creddo.com\/se\/wp-content\/uploads\/2024\/05\/69.jpg","contentUrl":"https:\/\/creddo.com\/se\/wp-content\/uploads\/2024\/05\/69.jpg","width":1200,"height":630,"caption":"Calendar - Creddo f\u00f6retagsl\u00e5n"},{"@type":"BreadcrumbList","@id":"https:\/\/creddo.com\/se\/experthornan\/viktiga-datum-for-entreprenorer-och-foretagare-under-sommarmanaderna-juni-juli-augusti\/#breadcrumb","itemListElement":[{"@type":"ListItem","position":1,"name":"Creddo.com","item":"https:\/\/creddo.com\/se\/"},{"@type":"ListItem","position":2,"name":"Viktiga datum f\u00f6r entrepren\u00f6rer och f\u00f6retagare under sommarm\u00e5naderna: juni, juli, augusti"}]},{"@type":"WebSite","@id":"https:\/\/creddo.com\/se\/#website","url":"https:\/\/creddo.com\/se\/","name":"Creddo","description":"J\u00e4mf\u00f6r f\u00f6retagsl\u00e5n upp till 10 miljoner","publisher":{"@id":"https:\/\/creddo.com\/se\/#organization"},"potentialAction":[{"@type":"SearchAction","target":{"@type":"EntryPoint","urlTemplate":"https:\/\/creddo.com\/se\/?s={search_term_string}"},"query-input":{"@type":"PropertyValueSpecification","valueRequired":true,"valueName":"search_term_string"}}],"inLanguage":"sv-SE"},{"@type":"Organization","@id":"https:\/\/creddo.com\/se\/#organization","name":"Creddo AB","url":"https:\/\/creddo.com\/se\/","logo":{"@type":"ImageObject","inLanguage":"sv-SE","@id":"https:\/\/creddo.com\/se\/#\/schema\/logo\/image\/","url":"https:\/\/creddo.com\/se\/wp-content\/uploads\/2024\/04\/Creddo-logo-square.png","contentUrl":"https:\/\/creddo.com\/se\/wp-content\/uploads\/2024\/04\/Creddo-logo-square.png","width":720,"height":720,"caption":"Creddo AB"},"image":{"@id":"https:\/\/creddo.com\/se\/#\/schema\/logo\/image\/"},"sameAs":["https:\/\/www.facebook.com\/creddose","https:\/\/www.linkedin.com\/company\/creddo-ab\/"]},{"@type":"Person","@id":"https:\/\/creddo.com\/se\/#\/schema\/person\/322e830888a93779a211f07b5975db35","name":"Miko\u0142aj \u015al\u0119zak","image":{"@type":"ImageObject","inLanguage":"sv-SE","@id":"https:\/\/creddo.com\/se\/#\/schema\/person\/image\/","url":"https:\/\/secure.gravatar.com\/avatar\/29547474acdd9d0541a106ff7ff95d9d?s=96&d=mm&r=g","contentUrl":"https:\/\/secure.gravatar.com\/avatar\/29547474acdd9d0541a106ff7ff95d9d?s=96&d=mm&r=g","caption":"Miko\u0142aj \u015al\u0119zak"}}]}},"lang":"sv","translations":{"sv":3999},"uagb_featured_image_src":{"full":["https:\/\/creddo.com\/se\/wp-content\/uploads\/2024\/05\/69.jpg",1200,630,false],"thumbnail":["https:\/\/creddo.com\/se\/wp-content\/uploads\/2024\/05\/69-150x150.jpg",150,150,true],"medium":["https:\/\/creddo.com\/se\/wp-content\/uploads\/2024\/05\/69-300x158.jpg",300,158,true],"medium_large":["https:\/\/creddo.com\/se\/wp-content\/uploads\/2024\/05\/69-768x403.jpg",768,403,true],"large":["https:\/\/creddo.com\/se\/wp-content\/uploads\/2024\/05\/69-1024x538.jpg",1024,538,true],"1536x1536":["https:\/\/creddo.com\/se\/wp-content\/uploads\/2024\/05\/69.jpg",1200,630,false],"2048x2048":["https:\/\/creddo.com\/se\/wp-content\/uploads\/2024\/05\/69.jpg",1200,630,false]},"uagb_author_info":{"display_name":"Miko\u0142aj \u015al\u0119zak","author_link":"https:\/\/creddo.com\/se\/experthornan\/author\/mikolaj\/"},"uagb_comment_info":0,"uagb_excerpt":"Sommaren \u00e4r inte bara tid f\u00f6r semester och soliga dagar. F\u00f6r entrepren\u00f6rer och f\u00f6retagare \u00e4r det ocks\u00e5 en period full av viktiga deadlines och administrativa uppgifter. Att h\u00e5lla koll p\u00e5 dessa datum \u00e4r viktigt f\u00f6r att s\u00e4kerst\u00e4lla att ditt f\u00f6retag f\u00f6ljer alla regler och undviker eventuella f\u00f6rseningsavgifter. Creddo har d\u00e4rf\u00f6r sammanst\u00e4llt utifr\u00e5n Skatteverkets hemsida, en&hellip;","pll_sync_post":[],"_links":{"self":[{"href":"https:\/\/creddo.com\/se\/wp-json\/wp\/v2\/posts\/3999","targetHints":{"allow":["GET"]}}],"collection":[{"href":"https:\/\/creddo.com\/se\/wp-json\/wp\/v2\/posts"}],"about":[{"href":"https:\/\/creddo.com\/se\/wp-json\/wp\/v2\/types\/post"}],"author":[{"embeddable":true,"href":"https:\/\/creddo.com\/se\/wp-json\/wp\/v2\/users\/15"}],"replies":[{"embeddable":true,"href":"https:\/\/creddo.com\/se\/wp-json\/wp\/v2\/comments?post=3999"}],"version-history":[{"count":4,"href":"https:\/\/creddo.com\/se\/wp-json\/wp\/v2\/posts\/3999\/revisions"}],"predecessor-version":[{"id":4003,"href":"https:\/\/creddo.com\/se\/wp-json\/wp\/v2\/posts\/3999\/revisions\/4003"}],"wp:featuredmedia":[{"embeddable":true,"href":"https:\/\/creddo.com\/se\/wp-json\/wp\/v2\/media\/4004"}],"wp:attachment":[{"href":"https:\/\/creddo.com\/se\/wp-json\/wp\/v2\/media?parent=3999"}],"wp:term":[{"taxonomy":"category","embeddable":true,"href":"https:\/\/creddo.com\/se\/wp-json\/wp\/v2\/categories?post=3999"},{"taxonomy":"post_tag","embeddable":true,"href":"https:\/\/creddo.com\/se\/wp-json\/wp\/v2\/tags?post=3999"}],"curies":[{"name":"wp","href":"https:\/\/api.w.org\/{rel}","templated":true}]}}